{"id":6546,"date":"2024-05-16T19:39:17","date_gmt":"2024-05-16T22:39:17","guid":{"rendered":"https:\/\/villacurabrochero.gov.ar\/turista\/?p=6546"},"modified":"2024-05-16T19:39:18","modified_gmt":"2024-05-16T22:39:18","slug":"rally-bike-cura-brochero-ambul-2024","status":"publish","type":"post","link":"https:\/\/villacurabrochero.gov.ar\/turista\/rally-bike-cura-brochero-ambul-2024\/","title":{"rendered":"RALLY BIKE CURA BROCHERO-AMBUL 2024"},"content":{"rendered":"\n<p><\/p>\n\n\n\n<p><img loading=\"lazy\" decoding=\"async\" height=\"16\" width=\"16\" alt=\"\ud83d\udc49\ud83c\udffb\" src=\"https:\/\/static.xx.fbcdn.net\/images\/emoji.php\/v9\/tc\/1\/16\/1f449_1f3fb.png\"> La Municipalidad de Villa Cura Brochero invita a la comunidad y corredores del pa\u00eds, provincia y regi\u00f3n a participar del Rally Bike \u201cTierra Santa\u201d, Villa Cura Brochero \u2013 Ambul.<\/p>\n\n\n\n<p><img loading=\"lazy\" decoding=\"async\" height=\"16\" width=\"16\" alt=\"\ud83d\udccd\" src=\"https:\/\/static.xx.fbcdn.net\/images\/emoji.php\/v9\/t2d\/1\/16\/1f4cd.png\">La competencia se desarrollar\u00e1 el s\u00e1bado 25 de Mayo con epicentro en nuestro pueblo, recorriendo los caminos del Santo Brochero.<\/p>\n\n\n\n<p><a><\/a><img loading=\"lazy\" decoding=\"async\" height=\"16\" width=\"16\" alt=\"\u2705\ufe0f\" src=\"https:\/\/static.xx.fbcdn.net\/images\/emoji.php\/v9\/t33\/1\/16\/2705.png\">Participar\u00e1n categor\u00edas Competitivas (60 km) y Promocionales (30 km) e Infantiles. Comenzar\u00e1 a las 12.30 horas y finalizar\u00e1 luego de las 17:00 horas.<\/p>\n\n\n\n<p><img loading=\"lazy\" decoding=\"async\" height=\"16\" width=\"16\" alt=\"\u26a0\ufe0f\" src=\"https:\/\/static.xx.fbcdn.net\/images\/emoji.php\/v9\/tdc\/1\/16\/26a0.png\">Reconocimiento de circuito: S\u00e1bado 18 de mayo, a las 14 horas \/ Plaza Centenario.<\/p>\n\n\n\n<p><img loading=\"lazy\" decoding=\"async\" height=\"16\" width=\"16\" alt=\"\ud83d\udcf2\" src=\"https:\/\/static.xx.fbcdn.net\/images\/emoji.php\/v9\/td8\/1\/16\/1f4f2.png\"> Inscripciones y m\u00e1s informaci\u00f3n: 3544561964.<\/p>\n\n\n\n<p><img loading=\"lazy\" decoding=\"async\" height=\"16\" width=\"16\" alt=\"\u27a1\ufe0f\" src=\"https:\/\/static.xx.fbcdn.net\/images\/emoji.php\/v9\/t9e\/1\/16\/27a1.png\"> CRONOGRAMA<\/p>\n\n\n\n<p><img loading=\"lazy\" decoding=\"async\" height=\"16\" width=\"16\" alt=\"\u25aa\ufe0f\" src=\"https:\/\/static.xx.fbcdn.net\/images\/emoji.php\/v9\/t4c\/1\/16\/25aa.png\">09:00 a 13:00 horas.<\/p>\n\n\n\n<p>Acreditaciones \/ Posta de Informaci\u00f3n \/ Plaza Centenario<\/p>\n\n\n\n<p><img loading=\"lazy\" decoding=\"async\" height=\"16\" width=\"16\" alt=\"\u25aa\ufe0f\" src=\"https:\/\/static.xx.fbcdn.net\/images\/emoji.php\/v9\/t4c\/1\/16\/25aa.png\">12:30 horas.<\/p>\n\n\n\n<p>Concentraci\u00f3n \/ Largada<\/p>\n\n\n\n<p>Costanera Norte \/ F. Altamirano, esq. Hip\u00f3lito Yrigoyen.<\/p>\n\n\n\n<p><img loading=\"lazy\" decoding=\"async\" height=\"16\" width=\"16\" alt=\"\u25aa\ufe0f\" src=\"https:\/\/static.xx.fbcdn.net\/images\/emoji.php\/v9\/t4c\/1\/16\/25aa.png\">14:00 horas.<\/p>\n\n\n\n<p>Rally Infantiles \/ Polideportivo Municipal<\/p>\n\n\n\n<p><img loading=\"lazy\" decoding=\"async\" height=\"16\" width=\"16\" alt=\"\u25aa\ufe0f\" src=\"https:\/\/static.xx.fbcdn.net\/images\/emoji.php\/v9\/t4c\/1\/16\/25aa.png\">17:00 horas.<\/p>\n\n\n\n<p>Premiaci\u00f3n \/ Polideportivo Municipal<\/p>\n\n\n\n<p>Se aproxima un nuevo evento para todos los amantes del Ciclismo, que disfrutar\u00e1n de jornada deportiva, en un escenario natural, atravesando diferentes localidades serranas, que se unen al desaf\u00edo.<\/p>\n","protected":false},"excerpt":{"rendered":"<p>La Municipalidad de Villa Cura Brochero invita a la comunidad y corredores del pa\u00eds, provincia y regi\u00f3n a participar del Rally Bike \u201cTierra Santa\u201d, Villa Cura Brochero \u2013 Ambul. La competencia se desarrollar\u00e1 el s\u00e1bado 25 de Mayo con epicentro en nuestro pueblo, recorriendo los caminos del Santo Brochero. Participar\u00e1n categor\u00edas Competitivas (60 km) y Promocionales (30 km) e Infantiles. Comenzar\u00e1 a las 12.30 horas y finalizar\u00e1 luego de las 17:00 horas. Reconocimiento de circuito: S\u00e1bado 18 de mayo, a las 14 horas \/ Plaza Centenario. Inscripciones y m\u00e1s informaci\u00f3n: [&hellip;]<\/p>\n","protected":false},"author":4,"featured_media":6547,"comment_status":"closed","ping_status":"open","sticky":false,"template":"","format":"standard","meta":{"footnotes":""},"categories":[1],"tags":[],"class_list":["post-6546","post","type-post","status-publish","format-standard","has-post-thumbnail","hentry","category-sin-categoria"],"_links":{"self":[{"href":"https:\/\/villacurabrochero.gov.ar\/turista\/wp-json\/wp\/v2\/posts\/6546","targetHints":{"allow":["GET"]}}],"collection":[{"href":"https:\/\/villacurabrochero.gov.ar\/turista\/wp-json\/wp\/v2\/posts"}],"about":[{"href":"https:\/\/villacurabrochero.gov.ar\/turista\/wp-json\/wp\/v2\/types\/post"}],"author":[{"embeddable":true,"href":"https:\/\/villacurabrochero.gov.ar\/turista\/wp-json\/wp\/v2\/users\/4"}],"replies":[{"embeddable":true,"href":"https:\/\/villacurabrochero.gov.ar\/turista\/wp-json\/wp\/v2\/comments?post=6546"}],"version-history":[{"count":1,"href":"https:\/\/villacurabrochero.gov.ar\/turista\/wp-json\/wp\/v2\/posts\/6546\/revisions"}],"predecessor-version":[{"id":6548,"href":"https:\/\/villacurabrochero.gov.ar\/turista\/wp-json\/wp\/v2\/posts\/6546\/revisions\/6548"}],"wp:featuredmedia":[{"embeddable":true,"href":"https:\/\/villacurabrochero.gov.ar\/turista\/wp-json\/wp\/v2\/media\/6547"}],"wp:attachment":[{"href":"https:\/\/villacurabrochero.gov.ar\/turista\/wp-json\/wp\/v2\/media?parent=6546"}],"wp:term":[{"taxonomy":"category","embeddable":true,"href":"https:\/\/villacurabrochero.gov.ar\/turista\/wp-json\/wp\/v2\/categories?post=6546"},{"taxonomy":"post_tag","embeddable":true,"href":"https:\/\/villacurabrochero.gov.ar\/turista\/wp-json\/wp\/v2\/tags?post=6546"}],"curies":[{"name":"wp","href":"https:\/\/api.w.org\/{rel}","templated":true}]}}