{"id":6551,"date":"2024-08-08T10:43:37","date_gmt":"2024-08-08T13:43:37","guid":{"rendered":"https:\/\/villacurabrochero.gov.ar\/turista\/?p=6551"},"modified":"2024-08-08T10:43:37","modified_gmt":"2024-08-08T13:43:37","slug":"patronal-nuestra-senora-del-transito","status":"publish","type":"post","link":"https:\/\/villacurabrochero.gov.ar\/turista\/patronal-nuestra-senora-del-transito\/","title":{"rendered":"PATRONAL NUESTRA SE\u00d1ORA DEL TR\u00c1NSITO"},"content":{"rendered":"\n<p>Villa Cura Brochero<\/p>\n\n\n\n<p><img loading=\"lazy\" decoding=\"async\" height=\"16\" width=\"16\" alt=\"\ud83d\udc49\ud83c\udffb\" src=\"https:\/\/static.xx.fbcdn.net\/images\/emoji.php\/v9\/tc\/1\/16\/1f449_1f3fb.png\"> La Di\u00f3cesis de Cruz del Eje, el Santuario Nuestra Se\u00f1ora del Tr\u00e1nsito y Santo Cura Brochero y la Municipalidad de Villa Cura Brochero invitan a vecinos, fieles y peregrinos a ser parte de la Celebraci\u00f3n Patronal en honor a Nuestra Se\u00f1ora del Tr\u00e1nsito que tendr\u00e1 lugar en el mes de agosto.<\/p>\n\n\n\n<p><img loading=\"lazy\" decoding=\"async\" height=\"16\" width=\"16\" alt=\"\u2705\ufe0f\" src=\"https:\/\/static.xx.fbcdn.net\/images\/emoji.php\/v9\/t33\/1\/16\/2705.png\">Cronograma de actividades:<\/p>\n\n\n\n<p><img loading=\"lazy\" decoding=\"async\" height=\"16\" width=\"16\" alt=\"\ud83d\uddd3\" src=\"https:\/\/static.xx.fbcdn.net\/images\/emoji.php\/v9\/t5c\/1\/16\/1f5d3.png\"> MI\u00c9RCOLES 14 DE AGOSTO<\/p>\n\n\n\n<p><a><\/a>-06:00 hs Rosario Aurora.<\/p>\n\n\n\n<p>-09:30 hs Visita de virgen a Colegio \/ Jardines \/ Guarder\u00edas<\/p>\n\n\n\n<p>-16:00 hs Misa en los Barrios \/ Plazoleta Madre Catalina B\u00ba Jard\u00edn.<\/p>\n\n\n\n<p>-17:30 hs Triduo de ni\u00f1os (\u00faltimo d\u00eda).<\/p>\n\n\n\n<p>-19:00 hs Misa &#8211; Bendici\u00f3n de estandartes y pilchas gauchas.<\/p>\n\n\n\n<p>-Despu\u00e9s de la Misa, homenaje y serenata a la Patrona en Atrio de la Parroquia.<\/p>\n\n\n\n<p><img loading=\"lazy\" decoding=\"async\" height=\"16\" width=\"16\" alt=\"\ud83d\uddd3\" src=\"https:\/\/static.xx.fbcdn.net\/images\/emoji.php\/v9\/t5c\/1\/16\/1f5d3.png\"> JUEVES 15 DE AGOSTO<\/p>\n\n\n\n<p>08:00 horas: Misa de Hombres.<\/p>\n\n\n\n<p>10:00 horas: Misa de Mujeres.<\/p>\n\n\n\n<p>15:00 horas: Recepci\u00f3n de im\u00e1genes peregrinas.<\/p>\n\n\n\n<p>15:00 horas: Recepci\u00f3n de Caminantes 1\u00ba Peregrinaci\u00f3n Mi Pur\u00edsima.<\/p>\n\n\n\n<p>16:00 horas: Santa Misa Central presidida por Monse\u00f1or Ricardo Araya.<\/p>\n\n\n\n<p>17:00 horas: Procesi\u00f3n por las calles brocherianas.<\/p>\n\n\n\n<p>18:00 horas: Espect\u00e1culos en Plaza Centenario<\/p>\n\n\n\n<p><img loading=\"lazy\" decoding=\"async\" height=\"16\" width=\"16\" alt=\"\ud83d\udccd\" src=\"https:\/\/static.xx.fbcdn.net\/images\/emoji.php\/v9\/t2d\/1\/16\/1f4cd.png\">Lugar: Iglesia y Atrio Ntra. Sra. del Tr\u00e1nsito y Santo Cura Brochero \/ Plaza Centenario.<\/p>\n\n\n\n<p><img loading=\"lazy\" decoding=\"async\" height=\"16\" width=\"16\" alt=\"\u2139\ufe0f\" src=\"https:\/\/static.xx.fbcdn.net\/images\/emoji.php\/v9\/t8e\/1\/16\/2139.png\">Trasmisi\u00f3n por Canal 2 Trasvisi\u00f3n y Canal Brochero.<\/p>\n\n\n\n<p>Organizan Santuario Nuestra Se\u00f1ora del Tr\u00e1nsito y Santo Cura Brochero y Municipalidad de Villa Cura Brochero.<\/p>\n","protected":false},"excerpt":{"rendered":"<p>Villa Cura Brochero La Di\u00f3cesis de Cruz del Eje, el Santuario Nuestra Se\u00f1ora del Tr\u00e1nsito y Santo Cura Brochero y la Municipalidad de Villa Cura Brochero invitan a vecinos, fieles y peregrinos a ser parte de la Celebraci\u00f3n Patronal en honor a Nuestra Se\u00f1ora del Tr\u00e1nsito que tendr\u00e1 lugar en el mes de agosto. Cronograma de actividades: MI\u00c9RCOLES 14 DE AGOSTO -06:00 hs Rosario Aurora. -09:30 hs Visita de virgen a Colegio \/ Jardines \/ Guarder\u00edas -16:00 hs Misa en los Barrios \/ Plazoleta Madre Catalina B\u00ba Jard\u00edn. -17:30 hs [&hellip;]<\/p>\n","protected":false},"author":4,"featured_media":6556,"comment_status":"closed","ping_status":"open","sticky":false,"template":"","format":"standard","meta":{"footnotes":""},"categories":[1],"tags":[],"class_list":["post-6551","post","type-post","status-publish","format-standard","has-post-thumbnail","hentry","category-sin-categoria"],"_links":{"self":[{"href":"https:\/\/villacurabrochero.gov.ar\/turista\/wp-json\/wp\/v2\/posts\/6551","targetHints":{"allow":["GET"]}}],"collection":[{"href":"https:\/\/villacurabrochero.gov.ar\/turista\/wp-json\/wp\/v2\/posts"}],"about":[{"href":"https:\/\/villacurabrochero.gov.ar\/turista\/wp-json\/wp\/v2\/types\/post"}],"author":[{"embeddable":true,"href":"https:\/\/villacurabrochero.gov.ar\/turista\/wp-json\/wp\/v2\/users\/4"}],"replies":[{"embeddable":true,"href":"https:\/\/villacurabrochero.gov.ar\/turista\/wp-json\/wp\/v2\/comments?post=6551"}],"version-history":[{"count":1,"href":"https:\/\/villacurabrochero.gov.ar\/turista\/wp-json\/wp\/v2\/posts\/6551\/revisions"}],"predecessor-version":[{"id":6557,"href":"https:\/\/villacurabrochero.gov.ar\/turista\/wp-json\/wp\/v2\/posts\/6551\/revisions\/6557"}],"wp:featuredmedia":[{"embeddable":true,"href":"https:\/\/villacurabrochero.gov.ar\/turista\/wp-json\/wp\/v2\/media\/6556"}],"wp:attachment":[{"href":"https:\/\/villacurabrochero.gov.ar\/turista\/wp-json\/wp\/v2\/media?parent=6551"}],"wp:term":[{"taxonomy":"category","embeddable":true,"href":"https:\/\/villacurabrochero.gov.ar\/turista\/wp-json\/wp\/v2\/categories?post=6551"},{"taxonomy":"post_tag","embeddable":true,"href":"https:\/\/villacurabrochero.gov.ar\/turista\/wp-json\/wp\/v2\/tags?post=6551"}],"curies":[{"name":"wp","href":"https:\/\/api.w.org\/{rel}","templated":true}]}}