{"id":6552,"date":"2024-08-08T10:41:31","date_gmt":"2024-08-08T13:41:31","guid":{"rendered":"https:\/\/villacurabrochero.gov.ar\/turista\/?p=6552"},"modified":"2024-08-08T10:41:32","modified_gmt":"2024-08-08T13:41:32","slug":"1o-peregrinacion-mi-purisima","status":"publish","type":"post","link":"https:\/\/villacurabrochero.gov.ar\/turista\/1o-peregrinacion-mi-purisima\/","title":{"rendered":"1\u00ba PEREGRINACI\u00d3N MI PUR\u00cdSIMA"},"content":{"rendered":"\n<figure class=\"wp-block-image\"><img decoding=\"async\" src=\"https:\/\/static.xx.fbcdn.net\/images\/emoji.php\/v9\/tf4\/1\/16\/2728.png\" alt=\"\u2728\ufe0f\"\/><\/figure>\n\n\n\n<figure class=\"wp-block-image\"><img decoding=\"async\" src=\"https:\/\/static.xx.fbcdn.net\/images\/emoji.php\/v9\/t7d\/1\/16\/1f56f.png\" alt=\"\ud83d\udd6f\"\/><\/figure>\n\n\n\n<p>En honor a Nuestra Se\u00f1ora del Tr\u00e1nsito.<\/p>\n\n\n\n<p><img loading=\"lazy\" decoding=\"async\" height=\"16\" width=\"16\" alt=\"\u2705\" src=\"https:\/\/static.xx.fbcdn.net\/images\/emoji.php\/v9\/t33\/1\/16\/2705.png\">Camino del Peregrino <img loading=\"lazy\" decoding=\"async\" height=\"16\" width=\"16\" alt=\"\ud83d\ude4f\" src=\"https:\/\/static.xx.fbcdn.net\/images\/emoji.php\/v9\/t80\/1\/16\/1f64f.png\"><\/p>\n\n\n\n<p><img loading=\"lazy\" decoding=\"async\" height=\"16\" width=\"16\" alt=\"\ud83d\udc49\ud83c\udffb\" src=\"https:\/\/static.xx.fbcdn.net\/images\/emoji.php\/v9\/tc\/1\/16\/1f449_1f3fb.png\"><a><\/a>El jueves 15 de agosto la Municipalidad de Villa Cura Brochero, la Di\u00f3cesis de Cruz del Eje y el Santuario Nstra. Sra. del Tr\u00e1nsito y Santo Cura Brochero invitan a la comunidad, fieles y peregrinos a compartir este recorrido de fe, para caminar juntos 28 km. por los Caminos de Brochero.<\/p>\n\n\n\n<p><img loading=\"lazy\" decoding=\"async\" height=\"16\" width=\"16\" alt=\"\ud83d\udccd\" src=\"https:\/\/static.xx.fbcdn.net\/images\/emoji.php\/v9\/t2d\/1\/16\/1f4cd.png\">AGENDA:<\/p>\n\n\n\n<p><img loading=\"lazy\" decoding=\"async\" height=\"16\" width=\"16\" alt=\"\u2705\ufe0f\" src=\"https:\/\/static.xx.fbcdn.net\/images\/emoji.php\/v9\/t33\/1\/16\/2705.png\">Jueves 15 de Agosto<\/p>\n\n\n\n<p><img loading=\"lazy\" decoding=\"async\" height=\"16\" width=\"16\" alt=\"\u2705\ufe0f\" src=\"https:\/\/static.xx.fbcdn.net\/images\/emoji.php\/v9\/t33\/1\/16\/2705.png\">08:00 hs<\/p>\n\n\n\n<p><img loading=\"lazy\" decoding=\"async\" height=\"16\" width=\"16\" alt=\"\u2705\ufe0f\" src=\"https:\/\/static.xx.fbcdn.net\/images\/emoji.php\/v9\/t33\/1\/16\/2705.png\">Giulio Cesare- Villa Cura Brochero \/ Camino del Peregrino<\/p>\n\n\n\n<p><img loading=\"lazy\" decoding=\"async\" height=\"16\" width=\"16\" alt=\"\u2705\" src=\"https:\/\/static.xx.fbcdn.net\/images\/emoji.php\/v9\/t33\/1\/16\/2705.png\">15:00 hs llegada a Villa Cura Brochero<\/p>\n\n\n\n<p><img loading=\"lazy\" decoding=\"async\" height=\"16\" width=\"16\" alt=\"\u2705\" src=\"https:\/\/static.xx.fbcdn.net\/images\/emoji.php\/v9\/t33\/1\/16\/2705.png\">16:00 hs Santa Misa<\/p>\n\n\n\n<p><img loading=\"lazy\" decoding=\"async\" height=\"16\" width=\"16\" alt=\"\u2705\" src=\"https:\/\/static.xx.fbcdn.net\/images\/emoji.php\/v9\/t33\/1\/16\/2705.png\">17:00 hs Procesi\u00f3n<\/p>\n\n\n\n<p><img loading=\"lazy\" decoding=\"async\" height=\"16\" width=\"16\" alt=\"\ud83d\udcf2\" src=\"https:\/\/static.xx.fbcdn.net\/images\/emoji.php\/v9\/td8\/1\/16\/1f4f2.png\"> La entrada es gratuita y para inscripciones deber\u00e1n ingresar a <a href=\"https:\/\/www.eventbrite.com.ar\/e\/camino-del-peregrino-patronal-a-nuestra-senora-del-transito-15-de-agosto-tickets-949051417337?utm-campaign=social&amp;utm-content=attendeeshare&amp;utm-medium=discovery&amp;utm-term=listing&amp;utm-source=cp&amp;aff=ebdsshcopyurl&amp;fbclid=IwZXh0bgNhZW0CMTAAAR0GFAiLeBsk2qDIXuV58Mx9avGD4aPNNQq7d7qwhWa3FDBHtE505tChE9E_aem_5T5UAuAK0q7mcgYTe4y_Aw\" rel=\"noreferrer noopener\" target=\"_blank\">https:\/\/www.eventbrite.com.ar\/&#8230;\/camino-del-peregrino&#8230;<\/a><\/p>\n\n\n\n<p><img loading=\"lazy\" decoding=\"async\" height=\"16\" width=\"16\" alt=\"\u2611\ufe0f\" src=\"https:\/\/static.xx.fbcdn.net\/images\/emoji.php\/v9\/t8d\/1\/16\/2611.png\">El horario de salida ser\u00e1 a las 08:00 horas. Tiempo aproximado de caminata: 5 a 7 horas.<\/p>\n\n\n\n<p><img loading=\"lazy\" decoding=\"async\" height=\"16\" width=\"16\" alt=\"\u2611\ufe0f\" src=\"https:\/\/static.xx.fbcdn.net\/images\/emoji.php\/v9\/t8d\/1\/16\/2611.png\">Deber\u00e1n presentarse en Guilio C\u00e9sare (por sus propios medios) en el horario establecido.<\/p>\n\n\n\n<p><img loading=\"lazy\" decoding=\"async\" height=\"16\" width=\"16\" alt=\"\u2611\ufe0f\" src=\"https:\/\/static.xx.fbcdn.net\/images\/emoji.php\/v9\/t8d\/1\/16\/2611.png\">Habr\u00e1 diferentes puestos sanitarios y de hidrataci\u00f3n, ba\u00f1os qu\u00edmicos en puntos estrat\u00e9gicos y un acompa\u00f1amiento municipal y de instituciones brindando seguridad en el recorrido.<\/p>\n\n\n\n<p><img loading=\"lazy\" decoding=\"async\" height=\"16\" width=\"16\" alt=\"\u2611\ufe0f\" src=\"https:\/\/static.xx.fbcdn.net\/images\/emoji.php\/v9\/t8d\/1\/16\/2611.png\">Llevar ropa y calzado c\u00f3modo, abrigo liviano, gorra o sombrero, protector solar SPF 50, comida liviana, barra de cereal, frutas (manzana, banana, otras) y botella de agua o bebida isot\u00f3nica.<\/p>\n\n\n\n<p><img loading=\"lazy\" decoding=\"async\" height=\"16\" width=\"16\" alt=\"\u2611\ufe0f\" src=\"https:\/\/static.xx.fbcdn.net\/images\/emoji.php\/v9\/t8d\/1\/16\/2611.png\">Se pide llevar envase para recargar agua, no arrojar residuos, acatar las indicaciones y\/o sugerencias, respetar los cursos de agua y cuidar el medio ambiente.<\/p>\n\n\n\n<p><img loading=\"lazy\" decoding=\"async\" height=\"16\" width=\"16\" alt=\"\u2139\ufe0f\" src=\"https:\/\/static.xx.fbcdn.net\/images\/emoji.php\/v9\/t8e\/1\/16\/2139.png\"> Informaci\u00f3n y consultas:<\/p>\n\n\n\n<p>03544-15544470\/470022<\/p>\n\n\n\n<p>Oficinas de Turismo<\/p>\n\n\n\n<p>Lunes a viernes de 8 a 20 hs.<\/p>\n\n\n\n<p>\u201cTransitemos en oraci\u00f3n y con fe junto a la Virgen y al Santo Brochero. Rindamos juntos un gran homenaje a nuestra patrona\u201d.<\/p>\n","protected":false},"excerpt":{"rendered":"<p>En honor a Nuestra Se\u00f1ora del Tr\u00e1nsito. Camino del Peregrino El jueves 15 de agosto la Municipalidad de Villa Cura Brochero, la Di\u00f3cesis de Cruz del Eje y el Santuario Nstra. Sra. del Tr\u00e1nsito y Santo Cura Brochero invitan a la comunidad, fieles y peregrinos a compartir este recorrido de fe, para caminar juntos 28 km. por los Caminos de Brochero. AGENDA: Jueves 15 de Agosto 08:00 hs Giulio Cesare- Villa Cura Brochero \/ Camino del Peregrino 15:00 hs llegada a Villa Cura Brochero 16:00 hs Santa Misa 17:00 hs [&hellip;]<\/p>\n","protected":false},"author":4,"featured_media":6553,"comment_status":"closed","ping_status":"open","sticky":false,"template":"","format":"standard","meta":{"footnotes":""},"categories":[1],"tags":[],"class_list":["post-6552","post","type-post","status-publish","format-standard","has-post-thumbnail","hentry","category-sin-categoria"],"_links":{"self":[{"href":"https:\/\/villacurabrochero.gov.ar\/turista\/wp-json\/wp\/v2\/posts\/6552","targetHints":{"allow":["GET"]}}],"collection":[{"href":"https:\/\/villacurabrochero.gov.ar\/turista\/wp-json\/wp\/v2\/posts"}],"about":[{"href":"https:\/\/villacurabrochero.gov.ar\/turista\/wp-json\/wp\/v2\/types\/post"}],"author":[{"embeddable":true,"href":"https:\/\/villacurabrochero.gov.ar\/turista\/wp-json\/wp\/v2\/users\/4"}],"replies":[{"embeddable":true,"href":"https:\/\/villacurabrochero.gov.ar\/turista\/wp-json\/wp\/v2\/comments?post=6552"}],"version-history":[{"count":1,"href":"https:\/\/villacurabrochero.gov.ar\/turista\/wp-json\/wp\/v2\/posts\/6552\/revisions"}],"predecessor-version":[{"id":6554,"href":"https:\/\/villacurabrochero.gov.ar\/turista\/wp-json\/wp\/v2\/posts\/6552\/revisions\/6554"}],"wp:featuredmedia":[{"embeddable":true,"href":"https:\/\/villacurabrochero.gov.ar\/turista\/wp-json\/wp\/v2\/media\/6553"}],"wp:attachment":[{"href":"https:\/\/villacurabrochero.gov.ar\/turista\/wp-json\/wp\/v2\/media?parent=6552"}],"wp:term":[{"taxonomy":"category","embeddable":true,"href":"https:\/\/villacurabrochero.gov.ar\/turista\/wp-json\/wp\/v2\/categories?post=6552"},{"taxonomy":"post_tag","embeddable":true,"href":"https:\/\/villacurabrochero.gov.ar\/turista\/wp-json\/wp\/v2\/tags?post=6552"}],"curies":[{"name":"wp","href":"https:\/\/api.w.org\/{rel}","templated":true}]}}