{"id":6558,"date":"2024-08-08T10:45:31","date_gmt":"2024-08-08T13:45:31","guid":{"rendered":"https:\/\/villacurabrochero.gov.ar\/turista\/?p=6558"},"modified":"2024-08-08T10:45:32","modified_gmt":"2024-08-08T13:45:32","slug":"novena-en-honor-a-nuestra-senora-del-transito","status":"publish","type":"post","link":"https:\/\/villacurabrochero.gov.ar\/turista\/novena-en-honor-a-nuestra-senora-del-transito\/","title":{"rendered":"NOVENA EN HONOR A NUESTRA SE\u00d1ORA DEL TR\u00c1NSITO"},"content":{"rendered":"\n<p>Villa Cura Brochero<\/p>\n\n\n\n<p><img loading=\"lazy\" decoding=\"async\" height=\"16\" width=\"16\" alt=\"\ud83d\udc49\ud83c\udffb\" src=\"https:\/\/static.xx.fbcdn.net\/images\/emoji.php\/v9\/tc\/1\/16\/1f449_1f3fb.png\"> La Di\u00f3cesis de Cruz del Eje, el Santuario Nuestra Se\u00f1ora del Tr\u00e1nsito y Santo Cura Brochero y la Municipalidad de Villa Cura Brochero invitan a toda la comunidad a unirse en oraci\u00f3n en la Novena para hacerle honor a Nuestra Se\u00f1ora del Tr\u00e1nsito, patrona de nuestro pueblo. La misma se desarrollar\u00e1 desde el martes 6 al mi\u00e9rcoles 14 de agosto.<\/p>\n\n\n\n<p><img loading=\"lazy\" decoding=\"async\" height=\"16\" width=\"16\" alt=\"\u2705\ufe0f\" src=\"https:\/\/static.xx.fbcdn.net\/images\/emoji.php\/v9\/t33\/1\/16\/2705.png\"><a><\/a>CRONOGRAMA:<\/p>\n\n\n\n<p>6:30 hs Rosario de la Aurora y Misa.<\/p>\n\n\n\n<p>10:00 hs Visita de la Virgen a las Instituciones.<\/p>\n\n\n\n<p>12:00 hs Rezo del \u00c1ngelus.<\/p>\n\n\n\n<p>16:00 hs Santa Misa \u2013 Santuario \/ Barrios.<\/p>\n\n\n\n<p>18:30 hs Adoraci\u00f3n Eucar\u00edstica y Confesiones.<\/p>\n\n\n\n<p>19:00 hs Santa Misa.<\/p>\n\n\n\n<p>Triduo de los Ni\u00f1os<\/p>\n\n\n\n<p>12 al 14 de Agosto \/ 17:30 horas.<\/p>\n\n\n\n<p>Domingos<\/p>\n\n\n\n<p>Santa Misa<\/p>\n\n\n\n<p>11:00 hs<\/p>\n\n\n\n<p><img loading=\"lazy\" decoding=\"async\" height=\"16\" width=\"16\" alt=\"\ud83d\uded0\" src=\"https:\/\/static.xx.fbcdn.net\/images\/emoji.php\/v9\/t1a\/1\/16\/1f6d0.png\"> VISITAS DE LA VIRGEN Y MISAS<\/p>\n\n\n\n<p>6\/8<\/p>\n\n\n\n<p>Visita Medios de comunicaci\u00f3n<\/p>\n\n\n\n<p>Misa en Capilla Sant\u00edsima Trinidad B\u00b0 Cortadero<\/p>\n\n\n\n<p>7\/8<\/p>\n\n\n\n<p>Visita a Coop. Aguas\/ Coop. Clemic \/ Ex combatientes de Malvinas<\/p>\n\n\n\n<p>Misa Capilla Jes\u00fas misericordioso B\u00b0 Residencial San Luis.<\/p>\n\n\n\n<p>Memoria a San Cayetano.<\/p>\n\n\n\n<p>8\/8<\/p>\n\n\n\n<p>Vista al Hospital \/ Cl\u00ednica Clemic y Dispensario Municipal \/ Geri\u00e1trico.<\/p>\n\n\n\n<p>Misa en Capilla San Jos\u00e9 Gabriel del Rosario (Predio La Providencia).<\/p>\n\n\n\n<p>9\/8<\/p>\n\n\n\n<p>Visita a Municipalidad y Tribunales.<\/p>\n\n\n\n<p>Misa en Gruta Virgen del Rosario B\u00b0 Escondido.<\/p>\n\n\n\n<p>10\/8<\/p>\n\n\n\n<p>Clausura A\u00f1o Jubilar \/ Villa de Pocho.<\/p>\n\n\n\n<p>12\/8<\/p>\n\n\n\n<p>Visita a Polic\u00eda \/ DUAR \/ Comisaria.<\/p>\n\n\n\n<p>Misa en Plaza de las Madres B\u00b0 Los Sauces.<\/p>\n\n\n\n<p>13\/8<\/p>\n\n\n\n<p>Visita a Bomberos y Correo<\/p>\n\n\n\n<p>Misa en Capilla Schoenstatt \/ En el cementerio \/ B\u00b0 Resurrecci\u00f3n y Esperanza<\/p>\n\n\n\n<p>14\/8<\/p>\n\n\n\n<p>Visita a Colegios \/ Jardines\/ Guarder\u00eda<\/p>\n\n\n\n<p>Misa en Plazoleta Madre Catalina B\u00b0 Jard\u00edn.<\/p>\n","protected":false},"excerpt":{"rendered":"<p>Villa Cura Brochero La Di\u00f3cesis de Cruz del Eje, el Santuario Nuestra Se\u00f1ora del Tr\u00e1nsito y Santo Cura Brochero y la Municipalidad de Villa Cura Brochero invitan a toda la comunidad a unirse en oraci\u00f3n en la Novena para hacerle honor a Nuestra Se\u00f1ora del Tr\u00e1nsito, patrona de nuestro pueblo. La misma se desarrollar\u00e1 desde el martes 6 al mi\u00e9rcoles 14 de agosto. CRONOGRAMA: 6:30 hs Rosario de la Aurora y Misa. 10:00 hs Visita de la Virgen a las Instituciones. 12:00 hs Rezo del \u00c1ngelus. 16:00 hs Santa Misa [&hellip;]<\/p>\n","protected":false},"author":4,"featured_media":6559,"comment_status":"closed","ping_status":"open","sticky":false,"template":"","format":"standard","meta":{"footnotes":""},"categories":[1],"tags":[],"class_list":["post-6558","post","type-post","status-publish","format-standard","has-post-thumbnail","hentry","category-sin-categoria"],"_links":{"self":[{"href":"https:\/\/villacurabrochero.gov.ar\/turista\/wp-json\/wp\/v2\/posts\/6558","targetHints":{"allow":["GET"]}}],"collection":[{"href":"https:\/\/villacurabrochero.gov.ar\/turista\/wp-json\/wp\/v2\/posts"}],"about":[{"href":"https:\/\/villacurabrochero.gov.ar\/turista\/wp-json\/wp\/v2\/types\/post"}],"author":[{"embeddable":true,"href":"https:\/\/villacurabrochero.gov.ar\/turista\/wp-json\/wp\/v2\/users\/4"}],"replies":[{"embeddable":true,"href":"https:\/\/villacurabrochero.gov.ar\/turista\/wp-json\/wp\/v2\/comments?post=6558"}],"version-history":[{"count":1,"href":"https:\/\/villacurabrochero.gov.ar\/turista\/wp-json\/wp\/v2\/posts\/6558\/revisions"}],"predecessor-version":[{"id":6560,"href":"https:\/\/villacurabrochero.gov.ar\/turista\/wp-json\/wp\/v2\/posts\/6558\/revisions\/6560"}],"wp:featuredmedia":[{"embeddable":true,"href":"https:\/\/villacurabrochero.gov.ar\/turista\/wp-json\/wp\/v2\/media\/6559"}],"wp:attachment":[{"href":"https:\/\/villacurabrochero.gov.ar\/turista\/wp-json\/wp\/v2\/media?parent=6558"}],"wp:term":[{"taxonomy":"category","embeddable":true,"href":"https:\/\/villacurabrochero.gov.ar\/turista\/wp-json\/wp\/v2\/categories?post=6558"},{"taxonomy":"post_tag","embeddable":true,"href":"https:\/\/villacurabrochero.gov.ar\/turista\/wp-json\/wp\/v2\/tags?post=6558"}],"curies":[{"name":"wp","href":"https:\/\/api.w.org\/{rel}","templated":true}]}}