{"id":6561,"date":"2024-08-08T10:47:06","date_gmt":"2024-08-08T13:47:06","guid":{"rendered":"https:\/\/villacurabrochero.gov.ar\/turista\/?p=6561"},"modified":"2024-08-08T10:47:06","modified_gmt":"2024-08-08T13:47:06","slug":"patronal-nstra-sra-del-transito","status":"publish","type":"post","link":"https:\/\/villacurabrochero.gov.ar\/turista\/patronal-nstra-sra-del-transito\/","title":{"rendered":"PATRONAL NSTRA. SRA. DEL TR\u00c1NSITO"},"content":{"rendered":"\n<p>Villa Cura Brochero 2024<\/p>\n\n\n\n<p><img loading=\"lazy\" decoding=\"async\" height=\"16\" width=\"16\" alt=\"\ud83d\udc49\ud83c\udffb\" src=\"https:\/\/static.xx.fbcdn.net\/images\/emoji.php\/v9\/tc\/1\/16\/1f449_1f3fb.png\"> La Di\u00f3cesis de Cruz del Eje, el Santuario Nstra. Sra. del Tr\u00e1nsito y Santo Cura Brochero y la Municipalidad de Villa Cura Brochero invitan a vecinos, visitantes y peregrinos, a los espect\u00e1culos y m\u00fasica en vivo que se desarrollar\u00e1n el jueves 15 de agosto, en Plaza Centenario, a partir de las 18.30 horas.<\/p>\n\n\n\n<p><img loading=\"lazy\" decoding=\"async\" height=\"16\" width=\"16\" alt=\"\ud83c\udfb6\" src=\"https:\/\/static.xx.fbcdn.net\/images\/emoji.php\/v9\/t1f\/1\/16\/1f3b6.png\"><a><\/a>Luis L\u00f3pez<\/p>\n\n\n\n<p><img loading=\"lazy\" decoding=\"async\" height=\"16\" width=\"16\" alt=\"\ud83c\udfb6\" src=\"https:\/\/static.xx.fbcdn.net\/images\/emoji.php\/v9\/t1f\/1\/16\/1f3b6.png\"> Chamaco Rodr\u00edguez<\/p>\n\n\n\n<p><img loading=\"lazy\" decoding=\"async\" height=\"16\" width=\"16\" alt=\"\ud83c\udfb6\" src=\"https:\/\/static.xx.fbcdn.net\/images\/emoji.php\/v9\/t1f\/1\/16\/1f3b6.png\"> Estampas Tulumbanas<\/p>\n\n\n\n<p><img loading=\"lazy\" decoding=\"async\" height=\"16\" width=\"16\" alt=\"\ud83d\udc83\" src=\"https:\/\/static.xx.fbcdn.net\/images\/emoji.php\/v9\/tc7\/1\/16\/1f483.png\"> Agrupaci\u00f3n Caudillos Argentinos<\/p>\n\n\n\n<p><img loading=\"lazy\" decoding=\"async\" height=\"16\" width=\"16\" alt=\"\ud83c\udfb6\" src=\"https:\/\/static.xx.fbcdn.net\/images\/emoji.php\/v9\/t1f\/1\/16\/1f3b6.png\"> Gran cierre con el Toro Quevedo<\/p>\n","protected":false},"excerpt":{"rendered":"<p>Villa Cura Brochero 2024 La Di\u00f3cesis de Cruz del Eje, el Santuario Nstra. Sra. del Tr\u00e1nsito y Santo Cura Brochero y la Municipalidad de Villa Cura Brochero invitan a vecinos, visitantes y peregrinos, a los espect\u00e1culos y m\u00fasica en vivo que se desarrollar\u00e1n el jueves 15 de agosto, en Plaza Centenario, a partir de las 18.30 horas. Luis L\u00f3pez Chamaco Rodr\u00edguez Estampas Tulumbanas Agrupaci\u00f3n Caudillos Argentinos Gran cierre con el Toro Quevedo<\/p>\n","protected":false},"author":4,"featured_media":6562,"comment_status":"closed","ping_status":"open","sticky":false,"template":"","format":"standard","meta":{"footnotes":""},"categories":[1],"tags":[],"class_list":["post-6561","post","type-post","status-publish","format-standard","has-post-thumbnail","hentry","category-sin-categoria"],"_links":{"self":[{"href":"https:\/\/villacurabrochero.gov.ar\/turista\/wp-json\/wp\/v2\/posts\/6561","targetHints":{"allow":["GET"]}}],"collection":[{"href":"https:\/\/villacurabrochero.gov.ar\/turista\/wp-json\/wp\/v2\/posts"}],"about":[{"href":"https:\/\/villacurabrochero.gov.ar\/turista\/wp-json\/wp\/v2\/types\/post"}],"author":[{"embeddable":true,"href":"https:\/\/villacurabrochero.gov.ar\/turista\/wp-json\/wp\/v2\/users\/4"}],"replies":[{"embeddable":true,"href":"https:\/\/villacurabrochero.gov.ar\/turista\/wp-json\/wp\/v2\/comments?post=6561"}],"version-history":[{"count":1,"href":"https:\/\/villacurabrochero.gov.ar\/turista\/wp-json\/wp\/v2\/posts\/6561\/revisions"}],"predecessor-version":[{"id":6563,"href":"https:\/\/villacurabrochero.gov.ar\/turista\/wp-json\/wp\/v2\/posts\/6561\/revisions\/6563"}],"wp:featuredmedia":[{"embeddable":true,"href":"https:\/\/villacurabrochero.gov.ar\/turista\/wp-json\/wp\/v2\/media\/6562"}],"wp:attachment":[{"href":"https:\/\/villacurabrochero.gov.ar\/turista\/wp-json\/wp\/v2\/media?parent=6561"}],"wp:term":[{"taxonomy":"category","embeddable":true,"href":"https:\/\/villacurabrochero.gov.ar\/turista\/wp-json\/wp\/v2\/categories?post=6561"},{"taxonomy":"post_tag","embeddable":true,"href":"https:\/\/villacurabrochero.gov.ar\/turista\/wp-json\/wp\/v2\/tags?post=6561"}],"curies":[{"name":"wp","href":"https:\/\/api.w.org\/{rel}","templated":true}]}}