{"id":6564,"date":"2024-08-27T10:59:03","date_gmt":"2024-08-27T13:59:03","guid":{"rendered":"https:\/\/villacurabrochero.gov.ar\/turista\/?p=6564"},"modified":"2024-08-27T11:01:01","modified_gmt":"2024-08-27T14:01:01","slug":"11o-peregrinacion-el-camino-de-brochero","status":"publish","type":"post","link":"https:\/\/villacurabrochero.gov.ar\/turista\/11o-peregrinacion-el-camino-de-brochero\/","title":{"rendered":"11\u00ba PEREGRINACI\u00d3N \u201cEL CAMINO DE BROCHERO\u201d"},"content":{"rendered":"\n<p><img loading=\"lazy\" decoding=\"async\" height=\"16\" width=\"16\" alt=\"\ud83d\udc49\ud83c\udffb\" src=\"https:\/\/static.xx.fbcdn.net\/images\/emoji.php\/v9\/tc\/1\/16\/1f449_1f3fb.png\"> El s\u00e1bado 14 de septiembre la Municipalidad de Villa Cura Brochero, la Di\u00f3cesis de Cruz del Eje y el Santuario Nstra. Sra. del Tr\u00e1nsito y Santo Cura Brochero invitan a la comunidad, fieles y peregrinos a caminar y recorrer los 28 km. que traz\u00f3 el Santo Argentino.<\/p>\n\n\n\n<p><a><\/a>AGENDA:<\/p>\n\n\n\n<p><img loading=\"lazy\" decoding=\"async\" height=\"16\" width=\"16\" alt=\"\u25aa\ufe0f\" src=\"https:\/\/static.xx.fbcdn.net\/images\/emoji.php\/v9\/t4c\/1\/16\/25aa.png\">S\u00e1bado 14 septiembre<\/p>\n\n\n\n<p><img loading=\"lazy\" decoding=\"async\" height=\"16\" width=\"16\" alt=\"\u25aa\ufe0f\" src=\"https:\/\/static.xx.fbcdn.net\/images\/emoji.php\/v9\/t4c\/1\/16\/25aa.png\">Concentraci\u00f3n 06:00 hs<\/p>\n\n\n\n<p><img loading=\"lazy\" decoding=\"async\" height=\"16\" width=\"16\" alt=\"\u25aa\ufe0f\" src=\"https:\/\/static.xx.fbcdn.net\/images\/emoji.php\/v9\/t4c\/1\/16\/25aa.png\">Salida 07:00 hs hasta 09:00 hs<\/p>\n\n\n\n<p><img loading=\"lazy\" decoding=\"async\" height=\"16\" width=\"16\" alt=\"\u25aa\ufe0f\" src=\"https:\/\/static.xx.fbcdn.net\/images\/emoji.php\/v9\/t4c\/1\/16\/25aa.png\">Giulio Cesare- Villa Cura Brochero (Camino del Peregrino)<\/p>\n\n\n\n<p><img loading=\"lazy\" decoding=\"async\" height=\"16\" width=\"16\" alt=\"\u26a0\ufe0f\" src=\"https:\/\/static.xx.fbcdn.net\/images\/emoji.php\/v9\/tdc\/1\/16\/26a0.png\"> Costo: $2000 (Incluye seguro, pulsera identificaci\u00f3n y gastos operativos)<\/p>\n\n\n\n<p><img loading=\"lazy\" decoding=\"async\" height=\"16\" width=\"16\" alt=\"\ud83d\udcf2\" src=\"https:\/\/static.xx.fbcdn.net\/images\/emoji.php\/v9\/td8\/1\/16\/1f4f2.png\"> Inscripciones: Ingresar a<\/p>\n\n\n\n<figure class=\"wp-block-embed\"><div class=\"wp-block-embed__wrapper\">\nhttps:\/\/caminoperegrino2024.eventbrite.com.ar\n<\/div><\/figure>\n\n\n\n<p><img loading=\"lazy\" decoding=\"async\" height=\"16\" width=\"16\" alt=\"\u270d\ufe0f\" src=\"https:\/\/static.xx.fbcdn.net\/images\/emoji.php\/v9\/te2\/1\/16\/270d.png\">\ud83c\udffb Tiempo limite inscripci\u00f3n: Mi\u00e9rcoles 11 de septiembre.<\/p>\n\n\n\n<p><img loading=\"lazy\" decoding=\"async\" height=\"16\" width=\"16\" alt=\"\u2714\ufe0f\" src=\"https:\/\/static.xx.fbcdn.net\/images\/emoji.php\/v9\/t51\/1\/16\/2714.png\">El horario de salida ser\u00e1 a las 07:00 horas. Tiempo aproximado de caminata: 5 a 7 horas.<\/p>\n\n\n\n<p><img loading=\"lazy\" decoding=\"async\" height=\"16\" width=\"16\" alt=\"\u2714\ufe0f\" src=\"https:\/\/static.xx.fbcdn.net\/images\/emoji.php\/v9\/t51\/1\/16\/2714.png\">Deber\u00e1n presentarse en Guilio C\u00e9sare (por sus propios medios) en el horario establecido.<\/p>\n\n\n\n<p><img loading=\"lazy\" decoding=\"async\" height=\"16\" width=\"16\" alt=\"\u2714\ufe0f\" src=\"https:\/\/static.xx.fbcdn.net\/images\/emoji.php\/v9\/t51\/1\/16\/2714.png\">Habr\u00e1 diferentes puestos sanitarios y de hidrataci\u00f3n, ba\u00f1os qu\u00edmicos en puntos estrat\u00e9gicos y un acompa\u00f1amiento municipal y de diferentes instituciones brindando seguridad en el recorrido.<\/p>\n\n\n\n<p><img loading=\"lazy\" decoding=\"async\" height=\"16\" width=\"16\" alt=\"\u2714\ufe0f\" src=\"https:\/\/static.xx.fbcdn.net\/images\/emoji.php\/v9\/t51\/1\/16\/2714.png\">Llevar ropa y calzado c\u00f3modo, abrigo liviano, gorra o sombrero, protector solar SPF 50, comida liviana, barra de cereal, frutas (manzana, banana, otras) y botella de agua o bebida isot\u00f3nica.<\/p>\n\n\n\n<p><img loading=\"lazy\" decoding=\"async\" height=\"16\" width=\"16\" alt=\"\u2714\ufe0f\" src=\"https:\/\/static.xx.fbcdn.net\/images\/emoji.php\/v9\/t51\/1\/16\/2714.png\">Se pide llevar envase para recargar agua, no arrojar residuos, acatar las indicaciones y\/o sugerencias, respetar los cursos de agua y cuidar el medio ambiente.<\/p>\n\n\n\n<p><img loading=\"lazy\" decoding=\"async\" height=\"16\" width=\"16\" alt=\"\u26a0\ufe0f\" src=\"https:\/\/static.xx.fbcdn.net\/images\/emoji.php\/v9\/tdc\/1\/16\/26a0.png\"> En caso de lluvia el evento se suspende.<\/p>\n\n\n\n<p><img loading=\"lazy\" decoding=\"async\" height=\"16\" width=\"16\" alt=\"\u2139\ufe0f\" src=\"https:\/\/static.xx.fbcdn.net\/images\/emoji.php\/v9\/t8e\/1\/16\/2139.png\"> Informaci\u00f3n y consultas:<\/p>\n\n\n\n<p>03544-15544470\/470022<\/p>\n\n\n\n<p>Oficinas de Turismo<\/p>\n\n\n\n<p>Lunes a viernes de 8 a 20 hs.<\/p>\n\n\n\n<p>turismo@villacurabrochero.gov.ar<\/p>\n\n\n\n<p>\u201cTransitemos juntos con fe, rez\u00e1ndole al Santo Brochero\u201d<\/p>\n\n\n\n<p>11\u00ba PEREGRINACI\u00d3N \u201cEL CAMINO DE BROCHERO\u201d <img loading=\"lazy\" decoding=\"async\" height=\"16\" width=\"16\" alt=\"\ud83d\udeb6\ud83c\udffc\u200d\u2640\ufe0f\" src=\"https:\/\/static.xx.fbcdn.net\/images\/emoji.php\/v9\/tc\/1\/16\/1f6b6_1f3fc_200d_2640.png\"><img loading=\"lazy\" decoding=\"async\" height=\"16\" width=\"16\" alt=\"\ud83d\udeb6\ud83c\udffb\u200d\u2642\ufe0f\" src=\"https:\/\/static.xx.fbcdn.net\/images\/emoji.php\/v9\/tcd\/1\/16\/1f6b6_1f3fb_200d_2642.png\"><img loading=\"lazy\" decoding=\"async\" height=\"16\" width=\"16\" alt=\"\u26f0\ufe0f\" src=\"https:\/\/static.xx.fbcdn.net\/images\/emoji.php\/v9\/tf7\/1\/16\/26f0.png\"><\/p>\n\n\n\n<p>Homenaje a los 11 a\u00f1os de la Beatificaci\u00f3n de Jos\u00e9 Gabriel Brochero <img loading=\"lazy\" decoding=\"async\" height=\"16\" width=\"16\" alt=\"\u271d\ufe0f\" src=\"https:\/\/static.xx.fbcdn.net\/images\/emoji.php\/v9\/t81\/1\/16\/271d.png\"><\/p>\n\n\n\n<p><img loading=\"lazy\" decoding=\"async\" height=\"16\" width=\"16\" alt=\"\ud83d\udc49\ud83c\udffb\" src=\"https:\/\/static.xx.fbcdn.net\/images\/emoji.php\/v9\/tc\/1\/16\/1f449_1f3fb.png\"> El s\u00e1bado 14 de septiembre la Municipalidad de Villa Cura Brochero, la Di\u00f3cesis de Cruz del Eje y el Santuario Nstra. Sra. del Tr\u00e1nsito y Santo Cura Brochero invitan a la comunidad, fieles y peregrinos a caminar y recorrer los 28 km. que traz\u00f3 el Santo Argentino.<\/p>\n\n\n\n<p><a><\/a>AGENDA:<\/p>\n\n\n\n<p><img loading=\"lazy\" decoding=\"async\" height=\"16\" width=\"16\" alt=\"\u25aa\ufe0f\" src=\"https:\/\/static.xx.fbcdn.net\/images\/emoji.php\/v9\/t4c\/1\/16\/25aa.png\">S\u00e1bado 14 septiembre<\/p>\n\n\n\n<p><img loading=\"lazy\" decoding=\"async\" height=\"16\" width=\"16\" alt=\"\u25aa\ufe0f\" src=\"https:\/\/static.xx.fbcdn.net\/images\/emoji.php\/v9\/t4c\/1\/16\/25aa.png\">Concentraci\u00f3n 06:00 hs<\/p>\n\n\n\n<p><img loading=\"lazy\" decoding=\"async\" height=\"16\" width=\"16\" alt=\"\u25aa\ufe0f\" src=\"https:\/\/static.xx.fbcdn.net\/images\/emoji.php\/v9\/t4c\/1\/16\/25aa.png\">Salida 07:00 hs hasta 09:00 hs<\/p>\n\n\n\n<p><img loading=\"lazy\" decoding=\"async\" height=\"16\" width=\"16\" alt=\"\u25aa\ufe0f\" src=\"https:\/\/static.xx.fbcdn.net\/images\/emoji.php\/v9\/t4c\/1\/16\/25aa.png\">Giulio Cesare- Villa Cura Brochero (Camino del Peregrino)<\/p>\n\n\n\n<p><img loading=\"lazy\" decoding=\"async\" height=\"16\" width=\"16\" alt=\"\u26a0\ufe0f\" src=\"https:\/\/static.xx.fbcdn.net\/images\/emoji.php\/v9\/tdc\/1\/16\/26a0.png\"> Costo: $2000 (Incluye seguro, pulsera identificaci\u00f3n y gastos operativos)<\/p>\n\n\n\n<p><img loading=\"lazy\" decoding=\"async\" height=\"16\" width=\"16\" alt=\"\ud83d\udcf2\" src=\"https:\/\/static.xx.fbcdn.net\/images\/emoji.php\/v9\/td8\/1\/16\/1f4f2.png\"> Inscripciones: Ingresar a<\/p>\n\n\n\n<figure class=\"wp-block-embed\"><div class=\"wp-block-embed__wrapper\">\nhttps:\/\/caminoperegrino2024.eventbrite.com.ar\n<\/div><\/figure>\n\n\n\n<p><img loading=\"lazy\" decoding=\"async\" height=\"16\" width=\"16\" alt=\"\u270d\ufe0f\" src=\"https:\/\/static.xx.fbcdn.net\/images\/emoji.php\/v9\/te2\/1\/16\/270d.png\">\ud83c\udffb Tiempo limite inscripci\u00f3n: Mi\u00e9rcoles 11 de septiembre.<\/p>\n\n\n\n<p><img loading=\"lazy\" decoding=\"async\" height=\"16\" width=\"16\" alt=\"\u2714\ufe0f\" src=\"https:\/\/static.xx.fbcdn.net\/images\/emoji.php\/v9\/t51\/1\/16\/2714.png\">El horario de salida ser\u00e1 a las 07:00 horas. Tiempo aproximado de caminata: 5 a 7 horas.<\/p>\n\n\n\n<p><img loading=\"lazy\" decoding=\"async\" height=\"16\" width=\"16\" alt=\"\u2714\ufe0f\" src=\"https:\/\/static.xx.fbcdn.net\/images\/emoji.php\/v9\/t51\/1\/16\/2714.png\">Deber\u00e1n presentarse en Guilio C\u00e9sare (por sus propios medios) en el horario establecido.<\/p>\n\n\n\n<p><img loading=\"lazy\" decoding=\"async\" height=\"16\" width=\"16\" alt=\"\u2714\ufe0f\" src=\"https:\/\/static.xx.fbcdn.net\/images\/emoji.php\/v9\/t51\/1\/16\/2714.png\">Habr\u00e1 diferentes puestos sanitarios y de hidrataci\u00f3n, ba\u00f1os qu\u00edmicos en puntos estrat\u00e9gicos y un acompa\u00f1amiento municipal y de diferentes instituciones brindando seguridad en el recorrido.<\/p>\n\n\n\n<p><img loading=\"lazy\" decoding=\"async\" height=\"16\" width=\"16\" alt=\"\u2714\ufe0f\" src=\"https:\/\/static.xx.fbcdn.net\/images\/emoji.php\/v9\/t51\/1\/16\/2714.png\">Llevar ropa y calzado c\u00f3modo, abrigo liviano, gorra o sombrero, protector solar SPF 50, comida liviana, barra de cereal, frutas (manzana, banana, otras) y botella de agua o bebida isot\u00f3nica.<\/p>\n\n\n\n<p><img loading=\"lazy\" decoding=\"async\" height=\"16\" width=\"16\" alt=\"\u2714\ufe0f\" src=\"https:\/\/static.xx.fbcdn.net\/images\/emoji.php\/v9\/t51\/1\/16\/2714.png\">Se pide llevar envase para recargar agua, no arrojar residuos, acatar las indicaciones y\/o sugerencias, respetar los cursos de agua y cuidar el medio ambiente.<\/p>\n\n\n\n<p><img loading=\"lazy\" decoding=\"async\" height=\"16\" width=\"16\" alt=\"\u26a0\ufe0f\" src=\"https:\/\/static.xx.fbcdn.net\/images\/emoji.php\/v9\/tdc\/1\/16\/26a0.png\"> En caso de lluvia el evento se suspende.<\/p>\n\n\n\n<p><img loading=\"lazy\" decoding=\"async\" height=\"16\" width=\"16\" alt=\"\u2139\ufe0f\" src=\"https:\/\/static.xx.fbcdn.net\/images\/emoji.php\/v9\/t8e\/1\/16\/2139.png\"> Informaci\u00f3n y consultas:<\/p>\n\n\n\n<p>03544-15544470\/470022<\/p>\n\n\n\n<p>Oficinas de Turismo<\/p>\n\n\n\n<p>Lunes a viernes de 8 a 20 hs.<\/p>\n\n\n\n<p>turismo@villacurabrochero.gov.ar<\/p>\n\n\n\n<p>\u201cTransitemos juntos con fe, rez\u00e1ndole al Santo Brochero\u201d<\/p>\n","protected":false},"excerpt":{"rendered":"<p>El s\u00e1bado 14 de septiembre la Municipalidad de Villa Cura Brochero, la Di\u00f3cesis de Cruz del Eje y el Santuario Nstra. Sra. del Tr\u00e1nsito y Santo Cura Brochero invitan a la comunidad, fieles y peregrinos a caminar y recorrer los 28 km. que traz\u00f3 el Santo Argentino. AGENDA: S\u00e1bado 14 septiembre Concentraci\u00f3n 06:00 hs Salida 07:00 hs hasta 09:00 hs Giulio Cesare- Villa Cura Brochero (Camino del Peregrino) Costo: $2000 (Incluye seguro, pulsera identificaci\u00f3n y gastos operativos) Inscripciones: Ingresar a \ud83c\udffb Tiempo limite inscripci\u00f3n: Mi\u00e9rcoles 11 de septiembre. El horario [&hellip;]<\/p>\n","protected":false},"author":4,"featured_media":6565,"comment_status":"closed","ping_status":"open","sticky":false,"template":"","format":"standard","meta":{"footnotes":""},"categories":[1],"tags":[],"class_list":["post-6564","post","type-post","status-publish","format-standard","has-post-thumbnail","hentry","category-sin-categoria"],"_links":{"self":[{"href":"https:\/\/villacurabrochero.gov.ar\/turista\/wp-json\/wp\/v2\/posts\/6564","targetHints":{"allow":["GET"]}}],"collection":[{"href":"https:\/\/villacurabrochero.gov.ar\/turista\/wp-json\/wp\/v2\/posts"}],"about":[{"href":"https:\/\/villacurabrochero.gov.ar\/turista\/wp-json\/wp\/v2\/types\/post"}],"author":[{"embeddable":true,"href":"https:\/\/villacurabrochero.gov.ar\/turista\/wp-json\/wp\/v2\/users\/4"}],"replies":[{"embeddable":true,"href":"https:\/\/villacurabrochero.gov.ar\/turista\/wp-json\/wp\/v2\/comments?post=6564"}],"version-history":[{"count":1,"href":"https:\/\/villacurabrochero.gov.ar\/turista\/wp-json\/wp\/v2\/posts\/6564\/revisions"}],"predecessor-version":[{"id":6566,"href":"https:\/\/villacurabrochero.gov.ar\/turista\/wp-json\/wp\/v2\/posts\/6564\/revisions\/6566"}],"wp:featuredmedia":[{"embeddable":true,"href":"https:\/\/villacurabrochero.gov.ar\/turista\/wp-json\/wp\/v2\/media\/6565"}],"wp:attachment":[{"href":"https:\/\/villacurabrochero.gov.ar\/turista\/wp-json\/wp\/v2\/media?parent=6564"}],"wp:term":[{"taxonomy":"category","embeddable":true,"href":"https:\/\/villacurabrochero.gov.ar\/turista\/wp-json\/wp\/v2\/categories?post=6564"},{"taxonomy":"post_tag","embeddable":true,"href":"https:\/\/villacurabrochero.gov.ar\/turista\/wp-json\/wp\/v2\/tags?post=6564"}],"curies":[{"name":"wp","href":"https:\/\/api.w.org\/{rel}","templated":true}]}}